{"id":991353,"date":"2024-05-29T07:24:54","date_gmt":"2024-05-29T07:24:54","guid":{"rendered":"https:\/\/alfi.si\/?p=991353"},"modified":"2024-05-31T07:44:31","modified_gmt":"2024-05-31T07:44:31","slug":"29-5-2024-janez-groselj-partner-in-direktor-alfi-renewables-d-o-o-je-sodeloval-na-prvem-energetsko-investicijskem-forumu","status":"publish","type":"post","link":"https:\/\/alfi.si\/slo\/29-5-2024-janez-groselj-partner-in-direktor-alfi-renewables-d-o-o-je-sodeloval-na-prvem-energetsko-investicijskem-forumu\/","title":{"rendered":"29.5.2024: Janez Gro\u0161elj, partner in direktor ALFI Renewables d.o.o. je sodeloval na prvem Energetsko-investicijskem forumu."},"content":{"rendered":"\t\t<div data-elementor-type=\"wp-post\" data-elementor-id=\"991353\" class=\"elementor elementor-991353\" data-elementor-post-type=\"post\">\n\t\t\t\t\t\t\t<div class=\"elementor-element elementor-element-b93711b e-flex e-con-boxed e-con e-parent\" data-id=\"b93711b\" data-element_type=\"container\" data-settings=\"{&quot;container_type&quot;:&quot;flex&quot;,&quot;content_width&quot;:&quot;boxed&quot;}\" data-core-v316-plus=\"true\">\n\t\t\t\t\t<div class=\"e-con-inner\">\n\t\t<div class=\"elementor-element elementor-element-6fe3076 e-con-full e-flex e-con e-child\" data-id=\"6fe3076\" data-element_type=\"container\" data-settings=\"{&quot;content_width&quot;:&quot;full&quot;,&quot;container_type&quot;:&quot;flex&quot;}\">\n\t\t\t\t<div class=\"elementor-element elementor-element-b703785 elementor-widget elementor-widget-text-editor\" data-id=\"b703785\" data-element_type=\"widget\" data-widget_type=\"text-editor.default\">\n\t\t\t\t<div class=\"elementor-widget-container\">\n\t\t\t<style>\/*! elementor - v3.17.0 - 08-11-2023 *\/\n.elementor-widget-text-editor.elementor-drop-cap-view-stacked .elementor-drop-cap{background-color:#69727d;color:#fff}.elementor-widget-text-editor.elementor-drop-cap-view-framed .elementor-drop-cap{color:#69727d;border:3px solid;background-color:transparent}.elementor-widget-text-editor:not(.elementor-drop-cap-view-default) .elementor-drop-cap{margin-top:8px}.elementor-widget-text-editor:not(.elementor-drop-cap-view-default) .elementor-drop-cap-letter{width:1em;height:1em}.elementor-widget-text-editor .elementor-drop-cap{float:left;text-align:center;line-height:1;font-size:50px}.elementor-widget-text-editor .elementor-drop-cap-letter{display:inline-block}<\/style>\t\t\t\t<p><b>Prilo\u017enosti zelenih nalo\u017eb motivacija za premagovanje tveganj so velike.<\/b> Na omizju o skladih in zelenih nalo\u017ebah so se\u00a0<b>Janez Gro\u0161elj, MBA,\u00a0ALFI Renewables<\/b>, Tim Umberger, Advance Capital Partners, in Maja \u017dgajnar iz CMS RRH Slovenija, strinjali, da je za pospe\u0161itev zelenih nalo\u017eb v Sloveniji nujno, da regulativa \u010dimprej ustvari ugodnej\u0161e pogoje za njihovo izvedbo. Zelene nalo\u017ebe v energetiki so za sklade privla\u010dne, ker imajo dolgoro\u010dno rast in bo dele\u017e OVE v proizvodnji energije \u0161e nara\u0161\u010dal, pa tudi, ker je sektor v procesu decentralizacije. \u00bbKljub temu, da je regulativa obremenjujo\u010da, prina\u0161a tudi veliko prilo\u017enosti.<\/p>\t\t\t\t\t\t<\/div>\n\t\t\t\t<\/div>\n\t\t\t\t<\/div>\n\t\t\t\t\t<\/div>\n\t\t\t\t<\/div>\n\t\t<div class=\"elementor-element elementor-element-434032e e-flex e-con-boxed e-con e-parent\" data-id=\"434032e\" data-element_type=\"container\" data-settings=\"{&quot;container_type&quot;:&quot;flex&quot;,&quot;content_width&quot;:&quot;boxed&quot;}\" data-core-v316-plus=\"true\">\n\t\t\t\t\t<div class=\"e-con-inner\">\n\t\t\t\t<div class=\"vamtam-has-theme-widget-styles elementor-element elementor-element-8f7171e vamtam-has-underline-anim elementor-widget elementor-widget-button\" data-id=\"8f7171e\" data-element_type=\"widget\" data-no-translation=\"\" data-widget_type=\"button.default\">\n\t\t\t\t<div class=\"elementor-widget-container\">\n\t\t\t\t\t<div class=\"elementor-button-wrapper\">\n\t\t\t<a class=\"elementor-button elementor-button-link elementor-size-sm\" href=\"https:\/\/prosperia.si\/2024\/05\/30\/zelene-nalozbe-so-priloznost-za-trajnostni-uspeh-ki-je-ne-gre-zamuditi\/\">\n\t\t\t\t\t\t<span class=\"elementor-button-content-wrapper\">\n\t\t\t\t\t\t<span class=\"elementor-button-icon elementor-align-icon-right\">\n\t\t\t\t<i aria-hidden=\"true\" class=\"vamtamtheme- vamtam-theme-icon-arrow-right-top\"><\/i>\t\t\t<\/span>\n\t\t\t\t\t\t<span class=\"elementor-button-text\">Ve\u010d o dogodku si preberite tukaj<\/span>\n\t\t<\/span>\n\t\t\t\t\t<\/a>\n\t\t<\/div>\n\t\t\t\t<\/div>\n\t\t\t\t<\/div>\n\t\t\t\t<div class=\"vamtam-has-theme-widget-styles elementor-element elementor-element-eb0d371 vamtam-has-underline-anim elementor-widget elementor-widget-button\" data-id=\"eb0d371\" data-element_type=\"widget\" data-no-translation=\"\" data-widget_type=\"button.default\">\n\t\t\t\t<div class=\"elementor-widget-container\">\n\t\t\t<style>.elementor-element-eb0d371{display:none !important}<\/style>\t\t<\/div>\n\t\t\t\t<\/div>\n\t\t\t\t\t<\/div>\n\t\t\t\t<\/div>\n\t\t\t\t\t\t\t<\/div>\n\t\t","protected":false},"excerpt":{"rendered":"<p>Janez Gro\u0161elj je sodeloval na omizju o skladih in zelenih nalo\u017ebah v okviru prvega Energetsko-investicijskega foruma, ki je potekal v Ljubljani.<\/p>\n","protected":false},"author":2,"featured_media":991355,"comment_status":"closed","ping_status":"open","sticky":false,"template":"","format":"standard","meta":{"footnotes":""},"categories":[48],"tags":[],"class_list":["post-991353","post","type-post","status-publish","format-standard","has-post-thumbnail","hentry","category-alfi-renewables"],"yoast_head":"<!-- This site is optimized with the Yoast SEO plugin v21.9.1 - https:\/\/yoast.com\/wordpress\/plugins\/seo\/ -->\n<title>29.5.2024: Janez Gro\u0161elj, partner in direktor ALFI Renewables d.o.o. je sodeloval na prvem Energetsko-investicijskem forumu. - ALFI<\/title>\n<meta name=\"robots\" content=\"index, follow, max-snippet:-1, max-image-preview:large, max-video-preview:-1\" \/>\n<link rel=\"canonical\" href=\"https:\/\/alfi.si\/slo\/29-5-2024-janez-groselj-partner-in-direktor-alfi-renewables-d-o-o-je-sodeloval-na-prvem-energetsko-investicijskem-forumu\/\" \/>\n<meta property=\"og:locale\" content=\"sl_SI\" \/>\n<meta property=\"og:type\" content=\"article\" \/>\n<meta property=\"og:title\" content=\"29.5.2024: Janez Gro\u0161elj, partner in direktor ALFI Renewables d.o.o. je sodeloval na prvem Energetsko-investicijskem forumu. - ALFI\" \/>\n<meta property=\"og:description\" content=\"Janez Gro\u0161elj je sodeloval na omizju o skladih in zelenih nalo\u017ebah v okviru prvega Energetsko-investicijskega foruma, ki je potekal v Ljubljani.\" \/>\n<meta property=\"og:url\" content=\"https:\/\/alfi.si\/slo\/29-5-2024-janez-groselj-partner-in-direktor-alfi-renewables-d-o-o-je-sodeloval-na-prvem-energetsko-investicijskem-forumu\/\" \/>\n<meta property=\"og:site_name\" content=\"ALFI\" \/>\n<meta property=\"article:published_time\" content=\"2024-05-29T07:24:54+00:00\" \/>\n<meta property=\"article:modified_time\" content=\"2024-05-31T07:44:31+00:00\" \/>\n<meta property=\"og:image\" content=\"https:\/\/alfi.si\/wp-content\/uploads\/2024\/05\/1716983651770.jpg\" \/>\n\t<meta property=\"og:image:width\" content=\"2048\" \/>\n\t<meta property=\"og:image:height\" content=\"1536\" \/>\n\t<meta property=\"og:image:type\" content=\"image\/jpeg\" \/>\n<meta name=\"author\" content=\"Kokos\" \/>\n<meta name=\"twitter:card\" content=\"summary_large_image\" \/>\n<meta name=\"twitter:label1\" content=\"Written by\" \/>\n\t<meta name=\"twitter:data1\" content=\"Kokos\" \/>\n\t<meta name=\"twitter:label2\" content=\"Est. reading time\" \/>\n\t<meta name=\"twitter:data2\" content=\"1 minuta\" \/>\n<script type=\"application\/ld+json\" class=\"yoast-schema-graph\">{\"@context\":\"https:\/\/schema.org\",\"@graph\":[{\"@type\":\"Article\",\"@id\":\"https:\/\/alfi.si\/29-5-2024-janez-groselj-partner-in-direktor-alfi-renewables-d-o-o-je-sodeloval-na-prvem-energetsko-investicijskem-forumu\/#article\",\"isPartOf\":{\"@id\":\"https:\/\/alfi.si\/29-5-2024-janez-groselj-partner-in-direktor-alfi-renewables-d-o-o-je-sodeloval-na-prvem-energetsko-investicijskem-forumu\/\"},\"author\":{\"name\":\"Kokos\",\"@id\":\"https:\/\/alfi.si\/slo\/#\/schema\/person\/9698d9017db204edeba82209a6864838\"},\"headline\":\"29.5.2024: Janez Gro\u0161elj, partner in direktor ALFI Renewables d.o.o. je sodeloval na prvem Energetsko-investicijskem forumu.\",\"datePublished\":\"2024-05-29T07:24:54+00:00\",\"dateModified\":\"2024-05-31T07:44:31+00:00\",\"mainEntityOfPage\":{\"@id\":\"https:\/\/alfi.si\/29-5-2024-janez-groselj-partner-in-direktor-alfi-renewables-d-o-o-je-sodeloval-na-prvem-energetsko-investicijskem-forumu\/\"},\"wordCount\":130,\"publisher\":{\"@id\":\"https:\/\/alfi.si\/slo\/#organization\"},\"articleSection\":[\"ALFI Renewables\"],\"inLanguage\":\"sl-SI\"},{\"@type\":\"WebPage\",\"@id\":\"https:\/\/alfi.si\/29-5-2024-janez-groselj-partner-in-direktor-alfi-renewables-d-o-o-je-sodeloval-na-prvem-energetsko-investicijskem-forumu\/\",\"url\":\"https:\/\/alfi.si\/29-5-2024-janez-groselj-partner-in-direktor-alfi-renewables-d-o-o-je-sodeloval-na-prvem-energetsko-investicijskem-forumu\/\",\"name\":\"29.5.2024: Janez Gro\u0161elj, partner in direktor ALFI Renewables d.o.o. je sodeloval na prvem Energetsko-investicijskem forumu. - ALFI\",\"isPartOf\":{\"@id\":\"https:\/\/alfi.si\/slo\/#website\"},\"datePublished\":\"2024-05-29T07:24:54+00:00\",\"dateModified\":\"2024-05-31T07:44:31+00:00\",\"breadcrumb\":{\"@id\":\"https:\/\/alfi.si\/29-5-2024-janez-groselj-partner-in-direktor-alfi-renewables-d-o-o-je-sodeloval-na-prvem-energetsko-investicijskem-forumu\/#breadcrumb\"},\"inLanguage\":\"sl-SI\",\"potentialAction\":[{\"@type\":\"ReadAction\",\"target\":[\"https:\/\/alfi.si\/29-5-2024-janez-groselj-partner-in-direktor-alfi-renewables-d-o-o-je-sodeloval-na-prvem-energetsko-investicijskem-forumu\/\"]}]},{\"@type\":\"BreadcrumbList\",\"@id\":\"https:\/\/alfi.si\/29-5-2024-janez-groselj-partner-in-direktor-alfi-renewables-d-o-o-je-sodeloval-na-prvem-energetsko-investicijskem-forumu\/#breadcrumb\",\"itemListElement\":[{\"@type\":\"ListItem\",\"position\":1,\"name\":\"Home\",\"item\":\"https:\/\/alfi.si\/slo\/\"},{\"@type\":\"ListItem\",\"position\":2,\"name\":\"29.5.2024: Janez Gro\u0161elj, partner in direktor ALFI Renewables d.o.o. je sodeloval na prvem Energetsko-investicijskem forumu.\"}]},{\"@type\":\"WebSite\",\"@id\":\"https:\/\/alfi.si\/slo\/#website\",\"url\":\"https:\/\/alfi.si\/slo\/\",\"name\":\"ALFI\",\"description\":\"Skladi\",\"publisher\":{\"@id\":\"https:\/\/alfi.si\/slo\/#organization\"},\"potentialAction\":[{\"@type\":\"SearchAction\",\"target\":{\"@type\":\"EntryPoint\",\"urlTemplate\":\"https:\/\/alfi.si\/slo\/?s={search_term_string}\"},\"query-input\":\"required name=search_term_string\"}],\"inLanguage\":\"sl-SI\"},{\"@type\":\"Organization\",\"@id\":\"https:\/\/alfi.si\/slo\/#organization\",\"name\":\"ALFI\",\"url\":\"https:\/\/alfi.si\/slo\/\",\"logo\":{\"@type\":\"ImageObject\",\"inLanguage\":\"sl-SI\",\"@id\":\"https:\/\/alfi.si\/slo\/#\/schema\/logo\/image\/\",\"url\":\"https:\/\/alfi.si\/wp-content\/uploads\/2022\/09\/ALFI_logo_2018.png\",\"contentUrl\":\"https:\/\/alfi.si\/wp-content\/uploads\/2022\/09\/ALFI_logo_2018.png\",\"width\":1000,\"height\":329,\"caption\":\"ALFI\"},\"image\":{\"@id\":\"https:\/\/alfi.si\/slo\/#\/schema\/logo\/image\/\"}},{\"@type\":\"Person\",\"@id\":\"https:\/\/alfi.si\/slo\/#\/schema\/person\/9698d9017db204edeba82209a6864838\",\"name\":\"Kokos\",\"image\":{\"@type\":\"ImageObject\",\"inLanguage\":\"sl-SI\",\"@id\":\"https:\/\/alfi.si\/slo\/#\/schema\/person\/image\/\",\"url\":\"https:\/\/secure.gravatar.com\/avatar\/b38cae2597a938f7f46ac307eb820be57a286de9bf20cfc6ed294205576e7c97?s=96&d=mm&r=g\",\"contentUrl\":\"https:\/\/secure.gravatar.com\/avatar\/b38cae2597a938f7f46ac307eb820be57a286de9bf20cfc6ed294205576e7c97?s=96&d=mm&r=g\",\"caption\":\"Kokos\"},\"sameAs\":[\"https:\/\/alfi.si\"]}]}<\/script>\n<!-- \/ Yoast SEO plugin. -->","yoast_head_json":{"title":"29.5.2024: Janez Gro\u0161elj, partner in direktor ALFI Renewables d.o.o. je sodeloval na prvem Energetsko-investicijskem forumu. - ALFI","robots":{"index":"index","follow":"follow","max-snippet":"max-snippet:-1","max-image-preview":"max-image-preview:large","max-video-preview":"max-video-preview:-1"},"canonical":"https:\/\/alfi.si\/slo\/29-5-2024-janez-groselj-partner-in-direktor-alfi-renewables-d-o-o-je-sodeloval-na-prvem-energetsko-investicijskem-forumu\/","og_locale":"sl_SI","og_type":"article","og_title":"29.5.2024: Janez Gro\u0161elj, partner in direktor ALFI Renewables d.o.o. je sodeloval na prvem Energetsko-investicijskem forumu. - ALFI","og_description":"Janez Gro\u0161elj je sodeloval na omizju o skladih in zelenih nalo\u017ebah v okviru prvega Energetsko-investicijskega foruma, ki je potekal v Ljubljani.","og_url":"https:\/\/alfi.si\/slo\/29-5-2024-janez-groselj-partner-in-direktor-alfi-renewables-d-o-o-je-sodeloval-na-prvem-energetsko-investicijskem-forumu\/","og_site_name":"ALFI","article_published_time":"2024-05-29T07:24:54+00:00","article_modified_time":"2024-05-31T07:44:31+00:00","og_image":[{"width":2048,"height":1536,"url":"https:\/\/alfi.si\/wp-content\/uploads\/2024\/05\/1716983651770.jpg","type":"image\/jpeg"}],"author":"Kokos","twitter_card":"summary_large_image","twitter_misc":{"Written by":"Kokos","Est. reading time":"1 minuta"},"schema":{"@context":"https:\/\/schema.org","@graph":[{"@type":"Article","@id":"https:\/\/alfi.si\/29-5-2024-janez-groselj-partner-in-direktor-alfi-renewables-d-o-o-je-sodeloval-na-prvem-energetsko-investicijskem-forumu\/#article","isPartOf":{"@id":"https:\/\/alfi.si\/29-5-2024-janez-groselj-partner-in-direktor-alfi-renewables-d-o-o-je-sodeloval-na-prvem-energetsko-investicijskem-forumu\/"},"author":{"name":"Kokos","@id":"https:\/\/alfi.si\/slo\/#\/schema\/person\/9698d9017db204edeba82209a6864838"},"headline":"29.5.2024: Janez Gro\u0161elj, partner in direktor ALFI Renewables d.o.o. je sodeloval na prvem Energetsko-investicijskem forumu.","datePublished":"2024-05-29T07:24:54+00:00","dateModified":"2024-05-31T07:44:31+00:00","mainEntityOfPage":{"@id":"https:\/\/alfi.si\/29-5-2024-janez-groselj-partner-in-direktor-alfi-renewables-d-o-o-je-sodeloval-na-prvem-energetsko-investicijskem-forumu\/"},"wordCount":130,"publisher":{"@id":"https:\/\/alfi.si\/slo\/#organization"},"articleSection":["ALFI Renewables"],"inLanguage":"sl-SI"},{"@type":"WebPage","@id":"https:\/\/alfi.si\/29-5-2024-janez-groselj-partner-in-direktor-alfi-renewables-d-o-o-je-sodeloval-na-prvem-energetsko-investicijskem-forumu\/","url":"https:\/\/alfi.si\/29-5-2024-janez-groselj-partner-in-direktor-alfi-renewables-d-o-o-je-sodeloval-na-prvem-energetsko-investicijskem-forumu\/","name":"29.5.2024: Janez Gro\u0161elj, partner in direktor ALFI Renewables d.o.o. je sodeloval na prvem Energetsko-investicijskem forumu. - ALFI","isPartOf":{"@id":"https:\/\/alfi.si\/slo\/#website"},"datePublished":"2024-05-29T07:24:54+00:00","dateModified":"2024-05-31T07:44:31+00:00","breadcrumb":{"@id":"https:\/\/alfi.si\/29-5-2024-janez-groselj-partner-in-direktor-alfi-renewables-d-o-o-je-sodeloval-na-prvem-energetsko-investicijskem-forumu\/#breadcrumb"},"inLanguage":"sl-SI","potentialAction":[{"@type":"ReadAction","target":["https:\/\/alfi.si\/29-5-2024-janez-groselj-partner-in-direktor-alfi-renewables-d-o-o-je-sodeloval-na-prvem-energetsko-investicijskem-forumu\/"]}]},{"@type":"BreadcrumbList","@id":"https:\/\/alfi.si\/29-5-2024-janez-groselj-partner-in-direktor-alfi-renewables-d-o-o-je-sodeloval-na-prvem-energetsko-investicijskem-forumu\/#breadcrumb","itemListElement":[{"@type":"ListItem","position":1,"name":"Home","item":"https:\/\/alfi.si\/slo\/"},{"@type":"ListItem","position":2,"name":"29.5.2024: Janez Gro\u0161elj, partner in direktor ALFI Renewables d.o.o. je sodeloval na prvem Energetsko-investicijskem forumu."}]},{"@type":"WebSite","@id":"https:\/\/alfi.si\/slo\/#website","url":"https:\/\/alfi.si\/slo\/","name":"ALFI","description":"Skladi","publisher":{"@id":"https:\/\/alfi.si\/slo\/#organization"},"potentialAction":[{"@type":"SearchAction","target":{"@type":"EntryPoint","urlTemplate":"https:\/\/alfi.si\/slo\/?s={search_term_string}"},"query-input":"required name=search_term_string"}],"inLanguage":"sl-SI"},{"@type":"Organization","@id":"https:\/\/alfi.si\/slo\/#organization","name":"ALFI","url":"https:\/\/alfi.si\/slo\/","logo":{"@type":"ImageObject","inLanguage":"sl-SI","@id":"https:\/\/alfi.si\/slo\/#\/schema\/logo\/image\/","url":"https:\/\/alfi.si\/wp-content\/uploads\/2022\/09\/ALFI_logo_2018.png","contentUrl":"https:\/\/alfi.si\/wp-content\/uploads\/2022\/09\/ALFI_logo_2018.png","width":1000,"height":329,"caption":"ALFI"},"image":{"@id":"https:\/\/alfi.si\/slo\/#\/schema\/logo\/image\/"}},{"@type":"Person","@id":"https:\/\/alfi.si\/slo\/#\/schema\/person\/9698d9017db204edeba82209a6864838","name":"Kokos","image":{"@type":"ImageObject","inLanguage":"sl-SI","@id":"https:\/\/alfi.si\/slo\/#\/schema\/person\/image\/","url":"https:\/\/secure.gravatar.com\/avatar\/b38cae2597a938f7f46ac307eb820be57a286de9bf20cfc6ed294205576e7c97?s=96&d=mm&r=g","contentUrl":"https:\/\/secure.gravatar.com\/avatar\/b38cae2597a938f7f46ac307eb820be57a286de9bf20cfc6ed294205576e7c97?s=96&d=mm&r=g","caption":"Kokos"},"sameAs":["https:\/\/alfi.si"]}]}},"_links":{"self":[{"href":"https:\/\/alfi.si\/slo\/wp-json\/wp\/v2\/posts\/991353","targetHints":{"allow":["GET"]}}],"collection":[{"href":"https:\/\/alfi.si\/slo\/wp-json\/wp\/v2\/posts"}],"about":[{"href":"https:\/\/alfi.si\/slo\/wp-json\/wp\/v2\/types\/post"}],"author":[{"embeddable":true,"href":"https:\/\/alfi.si\/slo\/wp-json\/wp\/v2\/users\/2"}],"replies":[{"embeddable":true,"href":"https:\/\/alfi.si\/slo\/wp-json\/wp\/v2\/comments?post=991353"}],"version-history":[{"count":10,"href":"https:\/\/alfi.si\/slo\/wp-json\/wp\/v2\/posts\/991353\/revisions"}],"predecessor-version":[{"id":991364,"href":"https:\/\/alfi.si\/slo\/wp-json\/wp\/v2\/posts\/991353\/revisions\/991364"}],"wp:featuredmedia":[{"embeddable":true,"href":"https:\/\/alfi.si\/slo\/wp-json\/wp\/v2\/media\/991355"}],"wp:attachment":[{"href":"https:\/\/alfi.si\/slo\/wp-json\/wp\/v2\/media?parent=991353"}],"wp:term":[{"taxonomy":"category","embeddable":true,"href":"https:\/\/alfi.si\/slo\/wp-json\/wp\/v2\/categories?post=991353"},{"taxonomy":"post_tag","embeddable":true,"href":"https:\/\/alfi.si\/slo\/wp-json\/wp\/v2\/tags?post=991353"}],"curies":[{"name":"wp","href":"https:\/\/api.w.org\/{rel}","templated":true}]}}