{"id":991191,"date":"2024-05-07T09:44:19","date_gmt":"2024-05-07T09:44:19","guid":{"rendered":"https:\/\/alfi.si\/?p=991191"},"modified":"2024-05-10T09:47:30","modified_gmt":"2024-05-10T09:47:30","slug":"7-5-2024-nov-16-mw-projekt-solarne-elektrarne-na-tleh-v-srbiji","status":"publish","type":"post","link":"https:\/\/alfi.si\/en\/7-5-2024-nov-16-mw-projekt-solarne-elektrarne-na-tleh-v-srbiji\/","title":{"rendered":"7.5.2024:  New 16 MW ground solar project in Serbia"},"content":{"rendered":"<div data-elementor-type=\"wp-post\" data-elementor-id=\"991191\" class=\"elementor elementor-991191\" data-elementor-post-type=\"post\">\n\t\t\t\t\t\t\t<div class=\"elementor-element elementor-element-b93711b e-flex e-con-boxed e-con e-parent\" data-id=\"b93711b\" data-element_type=\"container\" data-settings=\"{&quot;container_type&quot;:&quot;flex&quot;,&quot;content_width&quot;:&quot;boxed&quot;}\" data-core-v316-plus=\"true\">\n\t\t\t\t\t<div class=\"e-con-inner\">\n\t\t<div class=\"elementor-element elementor-element-6fe3076 e-con-full e-flex e-con e-child\" data-id=\"6fe3076\" data-element_type=\"container\" data-settings=\"{&quot;content_width&quot;:&quot;full&quot;,&quot;container_type&quot;:&quot;flex&quot;}\">\n\t\t\t\t<div class=\"elementor-element elementor-element-9a86e70 elementor-widget elementor-widget-text-editor\" data-id=\"9a86e70\" data-element_type=\"widget\" data-widget_type=\"text-editor.default\">\n\t\t\t\t<div class=\"elementor-widget-container\">\n\t\t\t<style>\/*! elementor - v3.17.0 - 08-11-2023 *\/\n.elementor-widget-text-editor.elementor-drop-cap-view-stacked .elementor-drop-cap{background-color:#69727d;color:#fff}.elementor-widget-text-editor.elementor-drop-cap-view-framed .elementor-drop-cap{color:#69727d;border:3px solid;background-color:transparent}.elementor-widget-text-editor:not(.elementor-drop-cap-view-default) .elementor-drop-cap{margin-top:8px}.elementor-widget-text-editor:not(.elementor-drop-cap-view-default) .elementor-drop-cap-letter{width:1em;height:1em}.elementor-widget-text-editor .elementor-drop-cap{float:left;text-align:center;line-height:1;font-size:50px}.elementor-widget-text-editor .elementor-drop-cap-letter{display:inline-block}<\/style>\t\t\t\t<p>ALFI started new cooperation with partner MK Group. Two projects of ground solar power plants, with total power of 16 MW in Aleksinac, Serbia, start with preparation works.<\/p><p>After acquiring all permits and merger clearances, preparation works start in May 2024. Approximately 26.000 solar panels to be installed on 16 hectares of land. Power plant is planned to be finished and start with operation until end of this year.<\/p>\t\t\t\t\t\t<\/div>\n\t\t\t\t<\/div>\n\t\t\t\t<\/div>\n\t\t\t\t\t<\/div>\n\t\t\t\t<\/div>\n\t\t\t\t\t\t\t<\/div>","protected":false},"excerpt":{"rendered":"<p>ALFI started new cooperation with partner MK Group. Two projects of ground solar power plants, with total power of 16 MW in Aleksinac, Serbia, start with preparation works.<\/p>","protected":false},"author":2,"featured_media":991192,"comment_status":"closed","ping_status":"open","sticky":false,"template":"","format":"standard","meta":{"footnotes":""},"categories":[48],"tags":[],"class_list":["post-991191","post","type-post","status-publish","format-standard","has-post-thumbnail","hentry","category-alfi-renewables"],"yoast_head":"<!-- This site is optimized with the Yoast SEO plugin v21.9.1 - https:\/\/yoast.com\/wordpress\/plugins\/seo\/ -->\n<title>7.5.2024: Nov 16 MW projekt solarne elektrarne na tleh v Srbiji - ALFI<\/title>\n<meta name=\"robots\" content=\"index, follow, max-snippet:-1, max-image-preview:large, max-video-preview:-1\" \/>\n<link rel=\"canonical\" href=\"https:\/\/alfi.si\/en\/7-5-2024-nov-16-mw-projekt-solarne-elektrarne-na-tleh-v-srbiji\/\" \/>\n<meta property=\"og:locale\" content=\"en_GB\" \/>\n<meta property=\"og:type\" content=\"article\" \/>\n<meta property=\"og:title\" content=\"7.5.2024: Nov 16 MW projekt solarne elektrarne na tleh v Srbiji - ALFI\" \/>\n<meta property=\"og:description\" content=\"ALFI je za\u010del novo sodelovanje s partnerjem MK Group. Na dveh projektih son\u010dnih elektrarn na tleh s skupno mo\u010djo 16 MW v Aleksincu, Srbija, so se za\u010dela pripravljalna dela.\" \/>\n<meta property=\"og:url\" content=\"https:\/\/alfi.si\/en\/7-5-2024-nov-16-mw-projekt-solarne-elektrarne-na-tleh-v-srbiji\/\" \/>\n<meta property=\"og:site_name\" content=\"ALFI\" \/>\n<meta property=\"article:published_time\" content=\"2024-05-07T09:44:19+00:00\" \/>\n<meta property=\"article:modified_time\" content=\"2024-05-10T09:47:30+00:00\" \/>\n<meta property=\"og:image\" content=\"https:\/\/alfi.si\/wp-content\/uploads\/2024\/05\/Picture-2.jpg\" \/>\n\t<meta property=\"og:image:width\" content=\"1582\" \/>\n\t<meta property=\"og:image:height\" content=\"1188\" \/>\n\t<meta property=\"og:image:type\" content=\"image\/jpeg\" \/>\n<meta name=\"author\" content=\"Kokos\" \/>\n<meta name=\"twitter:card\" content=\"summary_large_image\" \/>\n<meta name=\"twitter:label1\" content=\"Written by\" \/>\n\t<meta name=\"twitter:data1\" content=\"Kokos\" \/>\n\t<meta name=\"twitter:label2\" content=\"Estimated reading time\" \/>\n\t<meta name=\"twitter:data2\" content=\"1 minute\" \/>\n<script type=\"application\/ld+json\" class=\"yoast-schema-graph\">{\"@context\":\"https:\/\/schema.org\",\"@graph\":[{\"@type\":\"Article\",\"@id\":\"https:\/\/alfi.si\/7-5-2024-nov-16-mw-projekt-solarne-elektrarne-na-tleh-v-srbiji\/#article\",\"isPartOf\":{\"@id\":\"https:\/\/alfi.si\/7-5-2024-nov-16-mw-projekt-solarne-elektrarne-na-tleh-v-srbiji\/\"},\"author\":{\"name\":\"Kokos\",\"@id\":\"https:\/\/alfi.si\/slo\/#\/schema\/person\/9698d9017db204edeba82209a6864838\"},\"headline\":\"7.5.2024: Nov 16 MW projekt solarne elektrarne na tleh v Srbiji\",\"datePublished\":\"2024-05-07T09:44:19+00:00\",\"dateModified\":\"2024-05-10T09:47:30+00:00\",\"mainEntityOfPage\":{\"@id\":\"https:\/\/alfi.si\/7-5-2024-nov-16-mw-projekt-solarne-elektrarne-na-tleh-v-srbiji\/\"},\"wordCount\":82,\"publisher\":{\"@id\":\"https:\/\/alfi.si\/slo\/#organization\"},\"articleSection\":[\"ALFI Renewables\"],\"inLanguage\":\"en-GB\"},{\"@type\":\"WebPage\",\"@id\":\"https:\/\/alfi.si\/7-5-2024-nov-16-mw-projekt-solarne-elektrarne-na-tleh-v-srbiji\/\",\"url\":\"https:\/\/alfi.si\/7-5-2024-nov-16-mw-projekt-solarne-elektrarne-na-tleh-v-srbiji\/\",\"name\":\"7.5.2024: Nov 16 MW projekt solarne elektrarne na tleh v Srbiji - ALFI\",\"isPartOf\":{\"@id\":\"https:\/\/alfi.si\/slo\/#website\"},\"datePublished\":\"2024-05-07T09:44:19+00:00\",\"dateModified\":\"2024-05-10T09:47:30+00:00\",\"breadcrumb\":{\"@id\":\"https:\/\/alfi.si\/7-5-2024-nov-16-mw-projekt-solarne-elektrarne-na-tleh-v-srbiji\/#breadcrumb\"},\"inLanguage\":\"en-GB\",\"potentialAction\":[{\"@type\":\"ReadAction\",\"target\":[\"https:\/\/alfi.si\/7-5-2024-nov-16-mw-projekt-solarne-elektrarne-na-tleh-v-srbiji\/\"]}]},{\"@type\":\"BreadcrumbList\",\"@id\":\"https:\/\/alfi.si\/7-5-2024-nov-16-mw-projekt-solarne-elektrarne-na-tleh-v-srbiji\/#breadcrumb\",\"itemListElement\":[{\"@type\":\"ListItem\",\"position\":1,\"name\":\"Home\",\"item\":\"https:\/\/alfi.si\/slo\/\"},{\"@type\":\"ListItem\",\"position\":2,\"name\":\"7.5.2024: Nov 16 MW projekt solarne elektrarne na tleh v Srbiji\"}]},{\"@type\":\"WebSite\",\"@id\":\"https:\/\/alfi.si\/slo\/#website\",\"url\":\"https:\/\/alfi.si\/slo\/\",\"name\":\"ALFI\",\"description\":\"Skladi\",\"publisher\":{\"@id\":\"https:\/\/alfi.si\/slo\/#organization\"},\"potentialAction\":[{\"@type\":\"SearchAction\",\"target\":{\"@type\":\"EntryPoint\",\"urlTemplate\":\"https:\/\/alfi.si\/slo\/?s={search_term_string}\"},\"query-input\":\"required name=search_term_string\"}],\"inLanguage\":\"en-GB\"},{\"@type\":\"Organization\",\"@id\":\"https:\/\/alfi.si\/slo\/#organization\",\"name\":\"ALFI\",\"url\":\"https:\/\/alfi.si\/slo\/\",\"logo\":{\"@type\":\"ImageObject\",\"inLanguage\":\"en-GB\",\"@id\":\"https:\/\/alfi.si\/slo\/#\/schema\/logo\/image\/\",\"url\":\"https:\/\/alfi.si\/wp-content\/uploads\/2022\/09\/ALFI_logo_2018.png\",\"contentUrl\":\"https:\/\/alfi.si\/wp-content\/uploads\/2022\/09\/ALFI_logo_2018.png\",\"width\":1000,\"height\":329,\"caption\":\"ALFI\"},\"image\":{\"@id\":\"https:\/\/alfi.si\/slo\/#\/schema\/logo\/image\/\"}},{\"@type\":\"Person\",\"@id\":\"https:\/\/alfi.si\/slo\/#\/schema\/person\/9698d9017db204edeba82209a6864838\",\"name\":\"Kokos\",\"image\":{\"@type\":\"ImageObject\",\"inLanguage\":\"en-GB\",\"@id\":\"https:\/\/alfi.si\/slo\/#\/schema\/person\/image\/\",\"url\":\"https:\/\/secure.gravatar.com\/avatar\/b38cae2597a938f7f46ac307eb820be57a286de9bf20cfc6ed294205576e7c97?s=96&d=mm&r=g\",\"contentUrl\":\"https:\/\/secure.gravatar.com\/avatar\/b38cae2597a938f7f46ac307eb820be57a286de9bf20cfc6ed294205576e7c97?s=96&d=mm&r=g\",\"caption\":\"Kokos\"},\"sameAs\":[\"https:\/\/alfi.si\"]}]}<\/script>\n<!-- \/ Yoast SEO plugin. -->","yoast_head_json":{"title":"7.5.2024: Nov 16 MW projekt solarne elektrarne na tleh v Srbiji - ALFI","robots":{"index":"index","follow":"follow","max-snippet":"max-snippet:-1","max-image-preview":"max-image-preview:large","max-video-preview":"max-video-preview:-1"},"canonical":"https:\/\/alfi.si\/en\/7-5-2024-nov-16-mw-projekt-solarne-elektrarne-na-tleh-v-srbiji\/","og_locale":"en_GB","og_type":"article","og_title":"7.5.2024: Nov 16 MW projekt solarne elektrarne na tleh v Srbiji - ALFI","og_description":"ALFI je za\u010del novo sodelovanje s partnerjem MK Group. Na dveh projektih son\u010dnih elektrarn na tleh s skupno mo\u010djo 16 MW v Aleksincu, Srbija, so se za\u010dela pripravljalna dela.","og_url":"https:\/\/alfi.si\/en\/7-5-2024-nov-16-mw-projekt-solarne-elektrarne-na-tleh-v-srbiji\/","og_site_name":"ALFI","article_published_time":"2024-05-07T09:44:19+00:00","article_modified_time":"2024-05-10T09:47:30+00:00","og_image":[{"width":1582,"height":1188,"url":"https:\/\/alfi.si\/wp-content\/uploads\/2024\/05\/Picture-2.jpg","type":"image\/jpeg"}],"author":"Kokos","twitter_card":"summary_large_image","twitter_misc":{"Written by":"Kokos","Estimated reading time":"1 minute"},"schema":{"@context":"https:\/\/schema.org","@graph":[{"@type":"Article","@id":"https:\/\/alfi.si\/7-5-2024-nov-16-mw-projekt-solarne-elektrarne-na-tleh-v-srbiji\/#article","isPartOf":{"@id":"https:\/\/alfi.si\/7-5-2024-nov-16-mw-projekt-solarne-elektrarne-na-tleh-v-srbiji\/"},"author":{"name":"Kokos","@id":"https:\/\/alfi.si\/slo\/#\/schema\/person\/9698d9017db204edeba82209a6864838"},"headline":"7.5.2024: Nov 16 MW projekt solarne elektrarne na tleh v Srbiji","datePublished":"2024-05-07T09:44:19+00:00","dateModified":"2024-05-10T09:47:30+00:00","mainEntityOfPage":{"@id":"https:\/\/alfi.si\/7-5-2024-nov-16-mw-projekt-solarne-elektrarne-na-tleh-v-srbiji\/"},"wordCount":82,"publisher":{"@id":"https:\/\/alfi.si\/slo\/#organization"},"articleSection":["ALFI Renewables"],"inLanguage":"en-GB"},{"@type":"WebPage","@id":"https:\/\/alfi.si\/7-5-2024-nov-16-mw-projekt-solarne-elektrarne-na-tleh-v-srbiji\/","url":"https:\/\/alfi.si\/7-5-2024-nov-16-mw-projekt-solarne-elektrarne-na-tleh-v-srbiji\/","name":"7.5.2024: Nov 16 MW projekt solarne elektrarne na tleh v Srbiji - ALFI","isPartOf":{"@id":"https:\/\/alfi.si\/slo\/#website"},"datePublished":"2024-05-07T09:44:19+00:00","dateModified":"2024-05-10T09:47:30+00:00","breadcrumb":{"@id":"https:\/\/alfi.si\/7-5-2024-nov-16-mw-projekt-solarne-elektrarne-na-tleh-v-srbiji\/#breadcrumb"},"inLanguage":"en-GB","potentialAction":[{"@type":"ReadAction","target":["https:\/\/alfi.si\/7-5-2024-nov-16-mw-projekt-solarne-elektrarne-na-tleh-v-srbiji\/"]}]},{"@type":"BreadcrumbList","@id":"https:\/\/alfi.si\/7-5-2024-nov-16-mw-projekt-solarne-elektrarne-na-tleh-v-srbiji\/#breadcrumb","itemListElement":[{"@type":"ListItem","position":1,"name":"Home","item":"https:\/\/alfi.si\/slo\/"},{"@type":"ListItem","position":2,"name":"7.5.2024: Nov 16 MW projekt solarne elektrarne na tleh v Srbiji"}]},{"@type":"WebSite","@id":"https:\/\/alfi.si\/slo\/#website","url":"https:\/\/alfi.si\/slo\/","name":"ALFI","description":"Skladi","publisher":{"@id":"https:\/\/alfi.si\/slo\/#organization"},"potentialAction":[{"@type":"SearchAction","target":{"@type":"EntryPoint","urlTemplate":"https:\/\/alfi.si\/slo\/?s={search_term_string}"},"query-input":"required name=search_term_string"}],"inLanguage":"en-GB"},{"@type":"Organization","@id":"https:\/\/alfi.si\/slo\/#organization","name":"ALFI","url":"https:\/\/alfi.si\/slo\/","logo":{"@type":"ImageObject","inLanguage":"en-GB","@id":"https:\/\/alfi.si\/slo\/#\/schema\/logo\/image\/","url":"https:\/\/alfi.si\/wp-content\/uploads\/2022\/09\/ALFI_logo_2018.png","contentUrl":"https:\/\/alfi.si\/wp-content\/uploads\/2022\/09\/ALFI_logo_2018.png","width":1000,"height":329,"caption":"ALFI"},"image":{"@id":"https:\/\/alfi.si\/slo\/#\/schema\/logo\/image\/"}},{"@type":"Person","@id":"https:\/\/alfi.si\/slo\/#\/schema\/person\/9698d9017db204edeba82209a6864838","name":"Kokos","image":{"@type":"ImageObject","inLanguage":"en-GB","@id":"https:\/\/alfi.si\/slo\/#\/schema\/person\/image\/","url":"https:\/\/secure.gravatar.com\/avatar\/b38cae2597a938f7f46ac307eb820be57a286de9bf20cfc6ed294205576e7c97?s=96&d=mm&r=g","contentUrl":"https:\/\/secure.gravatar.com\/avatar\/b38cae2597a938f7f46ac307eb820be57a286de9bf20cfc6ed294205576e7c97?s=96&d=mm&r=g","caption":"Kokos"},"sameAs":["https:\/\/alfi.si"]}]}},"_links":{"self":[{"href":"https:\/\/alfi.si\/en\/wp-json\/wp\/v2\/posts\/991191","targetHints":{"allow":["GET"]}}],"collection":[{"href":"https:\/\/alfi.si\/en\/wp-json\/wp\/v2\/posts"}],"about":[{"href":"https:\/\/alfi.si\/en\/wp-json\/wp\/v2\/types\/post"}],"author":[{"embeddable":true,"href":"https:\/\/alfi.si\/en\/wp-json\/wp\/v2\/users\/2"}],"replies":[{"embeddable":true,"href":"https:\/\/alfi.si\/en\/wp-json\/wp\/v2\/comments?post=991191"}],"version-history":[{"count":3,"href":"https:\/\/alfi.si\/en\/wp-json\/wp\/v2\/posts\/991191\/revisions"}],"predecessor-version":[{"id":991195,"href":"https:\/\/alfi.si\/en\/wp-json\/wp\/v2\/posts\/991191\/revisions\/991195"}],"wp:featuredmedia":[{"embeddable":true,"href":"https:\/\/alfi.si\/en\/wp-json\/wp\/v2\/media\/991192"}],"wp:attachment":[{"href":"https:\/\/alfi.si\/en\/wp-json\/wp\/v2\/media?parent=991191"}],"wp:term":[{"taxonomy":"category","embeddable":true,"href":"https:\/\/alfi.si\/en\/wp-json\/wp\/v2\/categories?post=991191"},{"taxonomy":"post_tag","embeddable":true,"href":"https:\/\/alfi.si\/en\/wp-json\/wp\/v2\/tags?post=991191"}],"curies":[{"name":"wp","href":"https:\/\/api.w.org\/{rel}","templated":true}]}}