{"id":125,"date":"2023-08-16T08:25:54","date_gmt":"2023-08-16T08:25:54","guid":{"rendered":"https:\/\/avvocato.vamtam.com\/?p=125"},"modified":"2023-12-22T09:04:59","modified_gmt":"2023-12-22T09:04:59","slug":"16-8-2023-na-projektu-vetrna-elektrarna-krivaca-postavljenih-vseh-22-vetrnic-2","status":"publish","type":"post","link":"https:\/\/alfi.si\/en\/16-8-2023-na-projektu-vetrna-elektrarna-krivaca-postavljenih-vseh-22-vetrnic-2\/","title":{"rendered":"16.8.2023: On the Kriva\u010da Wind Farm project, all 22 wind turbines have been installed."},"content":{"rendered":"<div data-elementor-type=\"wp-post\" data-elementor-id=\"125\" class=\"elementor elementor-125\" data-elementor-post-type=\"post\">\n\t\t\t\t\t\t\t\t\t<section class=\"elementor-section elementor-top-section elementor-element elementor-element-1790d2b3 elementor-section-boxed elementor-section-height-default elementor-section-height-default\" data-id=\"1790d2b3\" data-element_type=\"section\">\n\t\t\t\t\t\t<div class=\"elementor-container elementor-column-gap-no\">\n\t\t\t\t\t<div class=\"elementor-column elementor-col-100 elementor-top-column elementor-element elementor-element-48a8ca72\" data-id=\"48a8ca72\" data-element_type=\"column\">\n\t\t\t<div class=\"elementor-widget-wrap elementor-element-populated\">\n\t\t\t\t\t\t\t\t<div class=\"elementor-element elementor-element-47d24f0 elementor-widget elementor-widget-text-editor\" data-id=\"47d24f0\" data-element_type=\"widget\" data-widget_type=\"text-editor.default\">\n\t\t\t\t<div class=\"elementor-widget-container\">\n\t\t\t<style>\/*! elementor - v3.17.0 - 08-11-2023 *\/\n.elementor-widget-text-editor.elementor-drop-cap-view-stacked .elementor-drop-cap{background-color:#69727d;color:#fff}.elementor-widget-text-editor.elementor-drop-cap-view-framed .elementor-drop-cap{color:#69727d;border:3px solid;background-color:transparent}.elementor-widget-text-editor:not(.elementor-drop-cap-view-default) .elementor-drop-cap{margin-top:8px}.elementor-widget-text-editor:not(.elementor-drop-cap-view-default) .elementor-drop-cap-letter{width:1em;height:1em}.elementor-widget-text-editor .elementor-drop-cap{float:left;text-align:center;line-height:1;font-size:50px}.elementor-widget-text-editor .elementor-drop-cap-letter{display:inline-block}<\/style>\t\t\t\t<p><span style=\"color: #000000;\">Ivicom Energy d.o.o., Belgrade, Serbia, which is co-owned by the ALFI Green Fund and the partner MK Group, has fully adhered to the construction schedule for the Kriva\u010da Wind Farm in Serbia and completed the installation of the planned 22 wind turbines in mid-August 2023.<\/span><\/p><p><span style=\"color: #000000;\">The conclusion of this investment, valued at over 150 million euros for the 105 MW Kriva\u010da Wind Farm, is expected no later than mid-2024. Ivicom Energy Ltd. continues with the planned activities for the earliest possible grid connection and commencement of operations.<\/span><\/p>\n<p><\/p>\t\t\t\t\t\t<\/div>\n\t\t\t\t<\/div>\n\t\t\t\t\t<\/div>\n\t\t<\/div>\n\t\t\t\t\t\t\t<\/div>\n\t\t<\/section>\n\t\t\t\t\t\t\t<\/div>","protected":false},"excerpt":{"rendered":"<p>Ivicom Energy d.o.o., Belgrade, Serbia, which is co-owned by the ALFI Green Fund and the partner MK Group, has fully adhered to the construction schedule for the Kriva\u010da Wind Farm in Serbia and completed the installation of the planned 22 wind turbines in mid-August 2023.<\/p>","protected":false},"author":2,"featured_media":988976,"comment_status":"closed","ping_status":"open","sticky":false,"template":"","format":"standard","meta":{"footnotes":""},"categories":[48],"tags":[],"class_list":["post-125","post","type-post","status-publish","format-standard","has-post-thumbnail","hentry","category-alfi-renewables"],"yoast_head":"<!-- This site is optimized with the Yoast SEO plugin v21.9.1 - https:\/\/yoast.com\/wordpress\/plugins\/seo\/ -->\n<title>16.8.2023: Na projektu Vetrna elektrarna Kriva\u010da postavljenih vseh 22 vetrnic. - ALFI<\/title>\n<meta name=\"robots\" content=\"index, follow, max-snippet:-1, max-image-preview:large, max-video-preview:-1\" \/>\n<link rel=\"canonical\" href=\"https:\/\/alfi.si\/en\/16-8-2023-na-projektu-vetrna-elektrarna-krivaca-postavljenih-vseh-22-vetrnic-2\/\" \/>\n<meta property=\"og:locale\" content=\"en_GB\" \/>\n<meta property=\"og:type\" content=\"article\" \/>\n<meta property=\"og:title\" content=\"16.8.2023: Na projektu Vetrna elektrarna Kriva\u010da postavljenih vseh 22 vetrnic. - ALFI\" \/>\n<meta property=\"og:description\" content=\"Dru\u017eba Ivicom energy d.o.o., Beograd Srbija, ki je v solastni\u0161tvu sklada ALFI Green in partnerja MK Group, v celoti sledi terminskemu planu za izgradnjo vetrne elekrarne Kriva\u010da, Srbija in je sredi meseca avgsuta 2023 zaklju\u010dila s postavitvijo predvidenih 22 vetrnic.\" \/>\n<meta property=\"og:url\" content=\"https:\/\/alfi.si\/en\/16-8-2023-na-projektu-vetrna-elektrarna-krivaca-postavljenih-vseh-22-vetrnic-2\/\" \/>\n<meta property=\"og:site_name\" content=\"ALFI\" \/>\n<meta property=\"article:published_time\" content=\"2023-08-16T08:25:54+00:00\" \/>\n<meta property=\"article:modified_time\" content=\"2023-12-22T09:04:59+00:00\" \/>\n<meta property=\"og:image\" content=\"https:\/\/alfi.si\/wp-content\/uploads\/2023\/08\/Novica1.jpg\" \/>\n\t<meta property=\"og:image:width\" content=\"1200\" \/>\n\t<meta property=\"og:image:height\" content=\"800\" \/>\n\t<meta property=\"og:image:type\" content=\"image\/jpeg\" \/>\n<meta name=\"author\" content=\"Kokos\" \/>\n<meta name=\"twitter:card\" content=\"summary_large_image\" \/>\n<meta name=\"twitter:label1\" content=\"Written by\" \/>\n\t<meta name=\"twitter:data1\" content=\"Kokos\" \/>\n\t<meta name=\"twitter:label2\" content=\"Estimated reading time\" \/>\n\t<meta name=\"twitter:data2\" content=\"1 minute\" \/>\n<script type=\"application\/ld+json\" class=\"yoast-schema-graph\">{\"@context\":\"https:\/\/schema.org\",\"@graph\":[{\"@type\":\"Article\",\"@id\":\"https:\/\/alfi.si\/16-8-2023-na-projektu-vetrna-elektrarna-krivaca-postavljenih-vseh-22-vetrnic-2\/#article\",\"isPartOf\":{\"@id\":\"https:\/\/alfi.si\/16-8-2023-na-projektu-vetrna-elektrarna-krivaca-postavljenih-vseh-22-vetrnic-2\/\"},\"author\":{\"name\":\"Kokos\",\"@id\":\"https:\/\/alfi.si\/slo\/#\/schema\/person\/9698d9017db204edeba82209a6864838\"},\"headline\":\"16.8.2023: Na projektu Vetrna elektrarna Kriva\u010da postavljenih vseh 22 vetrnic.\",\"datePublished\":\"2023-08-16T08:25:54+00:00\",\"dateModified\":\"2023-12-22T09:04:59+00:00\",\"mainEntityOfPage\":{\"@id\":\"https:\/\/alfi.si\/16-8-2023-na-projektu-vetrna-elektrarna-krivaca-postavljenih-vseh-22-vetrnic-2\/\"},\"wordCount\":92,\"publisher\":{\"@id\":\"https:\/\/alfi.si\/slo\/#organization\"},\"articleSection\":[\"ALFI Renewables\"],\"inLanguage\":\"en-GB\"},{\"@type\":\"WebPage\",\"@id\":\"https:\/\/alfi.si\/16-8-2023-na-projektu-vetrna-elektrarna-krivaca-postavljenih-vseh-22-vetrnic-2\/\",\"url\":\"https:\/\/alfi.si\/16-8-2023-na-projektu-vetrna-elektrarna-krivaca-postavljenih-vseh-22-vetrnic-2\/\",\"name\":\"16.8.2023: Na projektu Vetrna elektrarna Kriva\u010da postavljenih vseh 22 vetrnic. - ALFI\",\"isPartOf\":{\"@id\":\"https:\/\/alfi.si\/slo\/#website\"},\"datePublished\":\"2023-08-16T08:25:54+00:00\",\"dateModified\":\"2023-12-22T09:04:59+00:00\",\"breadcrumb\":{\"@id\":\"https:\/\/alfi.si\/16-8-2023-na-projektu-vetrna-elektrarna-krivaca-postavljenih-vseh-22-vetrnic-2\/#breadcrumb\"},\"inLanguage\":\"en-GB\",\"potentialAction\":[{\"@type\":\"ReadAction\",\"target\":[\"https:\/\/alfi.si\/16-8-2023-na-projektu-vetrna-elektrarna-krivaca-postavljenih-vseh-22-vetrnic-2\/\"]}]},{\"@type\":\"BreadcrumbList\",\"@id\":\"https:\/\/alfi.si\/16-8-2023-na-projektu-vetrna-elektrarna-krivaca-postavljenih-vseh-22-vetrnic-2\/#breadcrumb\",\"itemListElement\":[{\"@type\":\"ListItem\",\"position\":1,\"name\":\"Home\",\"item\":\"https:\/\/alfi.si\/slo\/\"},{\"@type\":\"ListItem\",\"position\":2,\"name\":\"16.8.2023: Na projektu Vetrna elektrarna Kriva\u010da postavljenih vseh 22 vetrnic.\"}]},{\"@type\":\"WebSite\",\"@id\":\"https:\/\/alfi.si\/slo\/#website\",\"url\":\"https:\/\/alfi.si\/slo\/\",\"name\":\"ALFI\",\"description\":\"Skladi\",\"publisher\":{\"@id\":\"https:\/\/alfi.si\/slo\/#organization\"},\"potentialAction\":[{\"@type\":\"SearchAction\",\"target\":{\"@type\":\"EntryPoint\",\"urlTemplate\":\"https:\/\/alfi.si\/slo\/?s={search_term_string}\"},\"query-input\":\"required name=search_term_string\"}],\"inLanguage\":\"en-GB\"},{\"@type\":\"Organization\",\"@id\":\"https:\/\/alfi.si\/slo\/#organization\",\"name\":\"ALFI\",\"url\":\"https:\/\/alfi.si\/slo\/\",\"logo\":{\"@type\":\"ImageObject\",\"inLanguage\":\"en-GB\",\"@id\":\"https:\/\/alfi.si\/slo\/#\/schema\/logo\/image\/\",\"url\":\"https:\/\/alfi.si\/wp-content\/uploads\/2022\/09\/ALFI_logo_2018.png\",\"contentUrl\":\"https:\/\/alfi.si\/wp-content\/uploads\/2022\/09\/ALFI_logo_2018.png\",\"width\":1000,\"height\":329,\"caption\":\"ALFI\"},\"image\":{\"@id\":\"https:\/\/alfi.si\/slo\/#\/schema\/logo\/image\/\"}},{\"@type\":\"Person\",\"@id\":\"https:\/\/alfi.si\/slo\/#\/schema\/person\/9698d9017db204edeba82209a6864838\",\"name\":\"Kokos\",\"image\":{\"@type\":\"ImageObject\",\"inLanguage\":\"en-GB\",\"@id\":\"https:\/\/alfi.si\/slo\/#\/schema\/person\/image\/\",\"url\":\"https:\/\/secure.gravatar.com\/avatar\/b38cae2597a938f7f46ac307eb820be57a286de9bf20cfc6ed294205576e7c97?s=96&d=mm&r=g\",\"contentUrl\":\"https:\/\/secure.gravatar.com\/avatar\/b38cae2597a938f7f46ac307eb820be57a286de9bf20cfc6ed294205576e7c97?s=96&d=mm&r=g\",\"caption\":\"Kokos\"},\"sameAs\":[\"https:\/\/alfi.si\"]}]}<\/script>\n<!-- \/ Yoast SEO plugin. -->","yoast_head_json":{"title":"16.8.2023: Na projektu Vetrna elektrarna Kriva\u010da postavljenih vseh 22 vetrnic. - ALFI","robots":{"index":"index","follow":"follow","max-snippet":"max-snippet:-1","max-image-preview":"max-image-preview:large","max-video-preview":"max-video-preview:-1"},"canonical":"https:\/\/alfi.si\/en\/16-8-2023-na-projektu-vetrna-elektrarna-krivaca-postavljenih-vseh-22-vetrnic-2\/","og_locale":"en_GB","og_type":"article","og_title":"16.8.2023: Na projektu Vetrna elektrarna Kriva\u010da postavljenih vseh 22 vetrnic. - ALFI","og_description":"Dru\u017eba Ivicom energy d.o.o., Beograd Srbija, ki je v solastni\u0161tvu sklada ALFI Green in partnerja MK Group, v celoti sledi terminskemu planu za izgradnjo vetrne elekrarne Kriva\u010da, Srbija in je sredi meseca avgsuta 2023 zaklju\u010dila s postavitvijo predvidenih 22 vetrnic.","og_url":"https:\/\/alfi.si\/en\/16-8-2023-na-projektu-vetrna-elektrarna-krivaca-postavljenih-vseh-22-vetrnic-2\/","og_site_name":"ALFI","article_published_time":"2023-08-16T08:25:54+00:00","article_modified_time":"2023-12-22T09:04:59+00:00","og_image":[{"width":1200,"height":800,"url":"https:\/\/alfi.si\/wp-content\/uploads\/2023\/08\/Novica1.jpg","type":"image\/jpeg"}],"author":"Kokos","twitter_card":"summary_large_image","twitter_misc":{"Written by":"Kokos","Estimated reading time":"1 minute"},"schema":{"@context":"https:\/\/schema.org","@graph":[{"@type":"Article","@id":"https:\/\/alfi.si\/16-8-2023-na-projektu-vetrna-elektrarna-krivaca-postavljenih-vseh-22-vetrnic-2\/#article","isPartOf":{"@id":"https:\/\/alfi.si\/16-8-2023-na-projektu-vetrna-elektrarna-krivaca-postavljenih-vseh-22-vetrnic-2\/"},"author":{"name":"Kokos","@id":"https:\/\/alfi.si\/slo\/#\/schema\/person\/9698d9017db204edeba82209a6864838"},"headline":"16.8.2023: Na projektu Vetrna elektrarna Kriva\u010da postavljenih vseh 22 vetrnic.","datePublished":"2023-08-16T08:25:54+00:00","dateModified":"2023-12-22T09:04:59+00:00","mainEntityOfPage":{"@id":"https:\/\/alfi.si\/16-8-2023-na-projektu-vetrna-elektrarna-krivaca-postavljenih-vseh-22-vetrnic-2\/"},"wordCount":92,"publisher":{"@id":"https:\/\/alfi.si\/slo\/#organization"},"articleSection":["ALFI Renewables"],"inLanguage":"en-GB"},{"@type":"WebPage","@id":"https:\/\/alfi.si\/16-8-2023-na-projektu-vetrna-elektrarna-krivaca-postavljenih-vseh-22-vetrnic-2\/","url":"https:\/\/alfi.si\/16-8-2023-na-projektu-vetrna-elektrarna-krivaca-postavljenih-vseh-22-vetrnic-2\/","name":"16.8.2023: Na projektu Vetrna elektrarna Kriva\u010da postavljenih vseh 22 vetrnic. - ALFI","isPartOf":{"@id":"https:\/\/alfi.si\/slo\/#website"},"datePublished":"2023-08-16T08:25:54+00:00","dateModified":"2023-12-22T09:04:59+00:00","breadcrumb":{"@id":"https:\/\/alfi.si\/16-8-2023-na-projektu-vetrna-elektrarna-krivaca-postavljenih-vseh-22-vetrnic-2\/#breadcrumb"},"inLanguage":"en-GB","potentialAction":[{"@type":"ReadAction","target":["https:\/\/alfi.si\/16-8-2023-na-projektu-vetrna-elektrarna-krivaca-postavljenih-vseh-22-vetrnic-2\/"]}]},{"@type":"BreadcrumbList","@id":"https:\/\/alfi.si\/16-8-2023-na-projektu-vetrna-elektrarna-krivaca-postavljenih-vseh-22-vetrnic-2\/#breadcrumb","itemListElement":[{"@type":"ListItem","position":1,"name":"Home","item":"https:\/\/alfi.si\/slo\/"},{"@type":"ListItem","position":2,"name":"16.8.2023: Na projektu Vetrna elektrarna Kriva\u010da postavljenih vseh 22 vetrnic."}]},{"@type":"WebSite","@id":"https:\/\/alfi.si\/slo\/#website","url":"https:\/\/alfi.si\/slo\/","name":"ALFI","description":"Skladi","publisher":{"@id":"https:\/\/alfi.si\/slo\/#organization"},"potentialAction":[{"@type":"SearchAction","target":{"@type":"EntryPoint","urlTemplate":"https:\/\/alfi.si\/slo\/?s={search_term_string}"},"query-input":"required name=search_term_string"}],"inLanguage":"en-GB"},{"@type":"Organization","@id":"https:\/\/alfi.si\/slo\/#organization","name":"ALFI","url":"https:\/\/alfi.si\/slo\/","logo":{"@type":"ImageObject","inLanguage":"en-GB","@id":"https:\/\/alfi.si\/slo\/#\/schema\/logo\/image\/","url":"https:\/\/alfi.si\/wp-content\/uploads\/2022\/09\/ALFI_logo_2018.png","contentUrl":"https:\/\/alfi.si\/wp-content\/uploads\/2022\/09\/ALFI_logo_2018.png","width":1000,"height":329,"caption":"ALFI"},"image":{"@id":"https:\/\/alfi.si\/slo\/#\/schema\/logo\/image\/"}},{"@type":"Person","@id":"https:\/\/alfi.si\/slo\/#\/schema\/person\/9698d9017db204edeba82209a6864838","name":"Kokos","image":{"@type":"ImageObject","inLanguage":"en-GB","@id":"https:\/\/alfi.si\/slo\/#\/schema\/person\/image\/","url":"https:\/\/secure.gravatar.com\/avatar\/b38cae2597a938f7f46ac307eb820be57a286de9bf20cfc6ed294205576e7c97?s=96&d=mm&r=g","contentUrl":"https:\/\/secure.gravatar.com\/avatar\/b38cae2597a938f7f46ac307eb820be57a286de9bf20cfc6ed294205576e7c97?s=96&d=mm&r=g","caption":"Kokos"},"sameAs":["https:\/\/alfi.si"]}]}},"_links":{"self":[{"href":"https:\/\/alfi.si\/en\/wp-json\/wp\/v2\/posts\/125","targetHints":{"allow":["GET"]}}],"collection":[{"href":"https:\/\/alfi.si\/en\/wp-json\/wp\/v2\/posts"}],"about":[{"href":"https:\/\/alfi.si\/en\/wp-json\/wp\/v2\/types\/post"}],"author":[{"embeddable":true,"href":"https:\/\/alfi.si\/en\/wp-json\/wp\/v2\/users\/2"}],"replies":[{"embeddable":true,"href":"https:\/\/alfi.si\/en\/wp-json\/wp\/v2\/comments?post=125"}],"version-history":[{"count":3,"href":"https:\/\/alfi.si\/en\/wp-json\/wp\/v2\/posts\/125\/revisions"}],"predecessor-version":[{"id":990735,"href":"https:\/\/alfi.si\/en\/wp-json\/wp\/v2\/posts\/125\/revisions\/990735"}],"wp:featuredmedia":[{"embeddable":true,"href":"https:\/\/alfi.si\/en\/wp-json\/wp\/v2\/media\/988976"}],"wp:attachment":[{"href":"https:\/\/alfi.si\/en\/wp-json\/wp\/v2\/media?parent=125"}],"wp:term":[{"taxonomy":"category","embeddable":true,"href":"https:\/\/alfi.si\/en\/wp-json\/wp\/v2\/categories?post=125"},{"taxonomy":"post_tag","embeddable":true,"href":"https:\/\/alfi.si\/en\/wp-json\/wp\/v2\/tags?post=125"}],"curies":[{"name":"wp","href":"https:\/\/api.w.org\/{rel}","templated":true}]}}